{"id":4153,"date":"2020-12-01T10:17:28","date_gmt":"2020-12-01T09:17:28","guid":{"rendered":"https:\/\/neversikastetxea.com\/?p=4153"},"modified":"2020-12-01T10:19:13","modified_gmt":"2020-12-01T09:19:13","slug":"guarderia-nevers-matriculacion-servicios-proyecto-educativo-calendario-horario","status":"publish","type":"post","link":"https:\/\/neversikastetxea.com\/es\/guarderia-nevers-matriculacion-servicios-proyecto-educativo-calendario-horario\/","title":{"rendered":"Guarder\u00eda Nevers Ikastetxea. Conoce la fecha de matriculaci\u00f3n, los servicios, el proyecto educativo, el calendario y el horario"},"content":{"rendered":"\n<p>El <a href=\"https:\/\/neversikastetxea.com\/es\/guarderia\/\" target=\"_blank\" rel=\"noreferrer noopener\" aria-label=\"servicio de guarder\u00eda de Nevers Ikastetxea (opens in a new tab)\">servicio de guarder\u00eda de Nevers Ikastetxea<\/a><strong> <\/strong>cuenta con un <strong>horario amplio y flexible<\/strong>, unas <strong>instalaciones nuevas<\/strong> y un <strong>proyecto educativo cercano y familiar<\/strong>. Sigue leyendo para conocer todos nuestros servicios.<\/p>\n\n\n\n<div style=\"height:131px\" aria-hidden=\"true\" class=\"wp-block-spacer\"><\/div>\n\n\n\n<h2 class=\"wp-block-heading\">Instalaciones nuevas y adaptadas al desarrollo natural de los ni\u00f1os y ni\u00f1as<\/h2>\n\n\n\n<p>En <a href=\"https:\/\/neversikastetxea.com\/es\/\" target=\"_blank\" rel=\"noreferrer noopener\" aria-label=\"Nevers Ikastetxea (opens in a new tab)\">Nevers Ikastetxea<\/a> acabamos de inaugurar un <a href=\"https:\/\/neversikastetxea.com\/es\/descubre-nueva-guarderia-nevers-ikastetxea\/\" target=\"_blank\" rel=\"noreferrer noopener\" aria-label=\"nuevo edificio para guarder\u00eda y Educaci\u00f3n Infantil 3 a\u00f1os (opens in a new tab)\">nuevo edificio para guarder\u00eda y Educaci\u00f3n Infantil 3 a\u00f1os<\/a>. Nada como nuestras nuevas instalaciones para que los ni\u00f1os y ni\u00f1as de 0 a 3 a\u00f1os se desarrollen en confianza. <\/p>\n\n\n\n<p>El edificio dispone de <strong>espacios continuos <\/strong>que permitir\u00e1n a los ni\u00f1os y ni\u00f1as <strong>aprender, explorar y despertar su curiosidad<\/strong> en los diferentes espacios. Estos est\u00e1n adaptados a cada edad y cuentan con, <strong>un anfiteatro, un rinc\u00f3n de lectura, \u00e1rboles, un rinc\u00f3n para la siesta, toboganes, un autob\u00fas, un rinc\u00f3n para los familiares, comedor y estructuras de psicomotricidad<\/strong> dise\u00f1adas para cada edad que les permitir\u00e1 imaginar, y adquirir nociones espaciales, temporales, de lateralidad, relativas a su cuerpo, a los objetos, a situaciones que les facilitan la adquisici\u00f3n de nuevos aprendizajes y al desarrollo de sus capacidades.<\/p>\n\n\n\n<p>Adem\u00e1s, el edificio cuenta con el m\u00e1ximo de confort. El<strong> sistema de<\/strong> <strong>ventilaci\u00f3n continuo<\/strong>&nbsp; garantiza la salud de todo el alumnado y del profesorado y la <strong>calefacci\u00f3n radiante, <\/strong>es ideal para el <strong>gateo. <\/strong><\/p>\n\n\n\n<figure class=\"wp-block-gallery columns-3 is-cropped wp-block-gallery-1 is-layout-flex wp-block-gallery-is-layout-flex\"><ul class=\"blocks-gallery-grid\"><li class=\"blocks-gallery-item\"><figure><img loading=\"lazy\" decoding=\"async\" width=\"1000\" height=\"750\" src=\"https:\/\/neversikastetxea.com\/wp-content\/uploads\/2020\/11\/haurtzaindegia-nevers-ikastetxea.jpg\" alt=\"Haurtzaindegia Nevers Ikastetxea\" data-id=\"4169\" data-full-url=\"https:\/\/neversikastetxea.com\/wp-content\/uploads\/2020\/11\/haurtzaindegia-nevers-ikastetxea.jpg\" data-link=\"https:\/\/neversikastetxea.com\/guarderia\/haurtzaindegia-nevers-ikastetxea\/\" class=\"wp-image-4169\" srcset=\"https:\/\/neversikastetxea.com\/wp-content\/uploads\/2020\/11\/haurtzaindegia-nevers-ikastetxea.jpg 1000w, https:\/\/neversikastetxea.com\/wp-content\/uploads\/2020\/11\/haurtzaindegia-nevers-ikastetxea-300x225.jpg 300w, https:\/\/neversikastetxea.com\/wp-content\/uploads\/2020\/11\/haurtzaindegia-nevers-ikastetxea-768x576.jpg 768w\" sizes=\"auto, (max-width: 1000px) 100vw, 1000px\" \/><\/figure><\/li><li class=\"blocks-gallery-item\"><figure><img loading=\"lazy\" decoding=\"async\" width=\"850\" height=\"789\" src=\"https:\/\/neversikastetxea.com\/wp-content\/uploads\/2020\/11\/guarderia-nevers-ikastetxea.jpg\" alt=\"Guarderia nevers ikastetxea\" data-id=\"4160\" data-full-url=\"https:\/\/neversikastetxea.com\/wp-content\/uploads\/2020\/11\/guarderia-nevers-ikastetxea.jpg\" data-link=\"https:\/\/neversikastetxea.com\/inicio\/guarderia-nevers-ikastetxea-2\/\" class=\"wp-image-4160\" srcset=\"https:\/\/neversikastetxea.com\/wp-content\/uploads\/2020\/11\/guarderia-nevers-ikastetxea.jpg 850w, https:\/\/neversikastetxea.com\/wp-content\/uploads\/2020\/11\/guarderia-nevers-ikastetxea-300x278.jpg 300w, https:\/\/neversikastetxea.com\/wp-content\/uploads\/2020\/11\/guarderia-nevers-ikastetxea-768x713.jpg 768w\" sizes=\"auto, (max-width: 850px) 100vw, 850px\" \/><\/figure><\/li><li class=\"blocks-gallery-item\"><figure><img loading=\"lazy\" decoding=\"async\" width=\"1000\" height=\"667\" src=\"https:\/\/neversikastetxea.com\/wp-content\/uploads\/2020\/11\/nevers-ikastetxea-haurtzaindegia-durango7-1.jpg\" alt=\"Nevers Ikastetxeko haurtzaindegia\" data-id=\"4245\" data-full-url=\"https:\/\/neversikastetxea.com\/wp-content\/uploads\/2020\/11\/nevers-ikastetxea-haurtzaindegia-durango7-1.jpg\" data-link=\"https:\/\/neversikastetxea.com\/es\/guarderia\/nevers-ikastetxea-haurtzaindegia-durango7-2\/\" class=\"wp-image-4245\" srcset=\"https:\/\/neversikastetxea.com\/wp-content\/uploads\/2020\/11\/nevers-ikastetxea-haurtzaindegia-durango7-1.jpg 1000w, https:\/\/neversikastetxea.com\/wp-content\/uploads\/2020\/11\/nevers-ikastetxea-haurtzaindegia-durango7-1-300x200.jpg 300w, https:\/\/neversikastetxea.com\/wp-content\/uploads\/2020\/11\/nevers-ikastetxea-haurtzaindegia-durango7-1-768x512.jpg 768w, https:\/\/neversikastetxea.com\/wp-content\/uploads\/2020\/11\/nevers-ikastetxea-haurtzaindegia-durango7-1-391x260.jpg 391w\" sizes=\"auto, (max-width: 1000px) 100vw, 1000px\" \/><\/figure><\/li><li class=\"blocks-gallery-item\"><figure><img loading=\"lazy\" decoding=\"async\" width=\"667\" height=\"1000\" src=\"https:\/\/neversikastetxea.com\/wp-content\/uploads\/2020\/11\/nevers-ikastetxea-haurtzaindegia-durango6-1.jpg\" alt=\"Nevers Ikastetxeko haurtzaindegia\" data-id=\"4243\" data-full-url=\"https:\/\/neversikastetxea.com\/wp-content\/uploads\/2020\/11\/nevers-ikastetxea-haurtzaindegia-durango6-1.jpg\" data-link=\"https:\/\/neversikastetxea.com\/es\/guarderia\/nevers-ikastetxea-haurtzaindegia-durango6-2\/\" class=\"wp-image-4243\" srcset=\"https:\/\/neversikastetxea.com\/wp-content\/uploads\/2020\/11\/nevers-ikastetxea-haurtzaindegia-durango6-1.jpg 667w, https:\/\/neversikastetxea.com\/wp-content\/uploads\/2020\/11\/nevers-ikastetxea-haurtzaindegia-durango6-1-200x300.jpg 200w\" sizes=\"auto, (max-width: 667px) 100vw, 667px\" \/><\/figure><\/li><li class=\"blocks-gallery-item\"><figure><img loading=\"lazy\" decoding=\"async\" width=\"1000\" height=\"667\" src=\"https:\/\/neversikastetxea.com\/wp-content\/uploads\/2020\/11\/nevers-ikastetxea-haurtzaindegia-durango4-1.jpg\" alt=\"Nevers Ikastetxeko haurtzaindegia\" data-id=\"4239\" data-full-url=\"https:\/\/neversikastetxea.com\/wp-content\/uploads\/2020\/11\/nevers-ikastetxea-haurtzaindegia-durango4-1.jpg\" data-link=\"https:\/\/neversikastetxea.com\/es\/guarderia\/nevers-ikastetxea-haurtzaindegia-durango4-2\/\" class=\"wp-image-4239\" srcset=\"https:\/\/neversikastetxea.com\/wp-content\/uploads\/2020\/11\/nevers-ikastetxea-haurtzaindegia-durango4-1.jpg 1000w, https:\/\/neversikastetxea.com\/wp-content\/uploads\/2020\/11\/nevers-ikastetxea-haurtzaindegia-durango4-1-300x200.jpg 300w, https:\/\/neversikastetxea.com\/wp-content\/uploads\/2020\/11\/nevers-ikastetxea-haurtzaindegia-durango4-1-768x512.jpg 768w, https:\/\/neversikastetxea.com\/wp-content\/uploads\/2020\/11\/nevers-ikastetxea-haurtzaindegia-durango4-1-391x260.jpg 391w\" sizes=\"auto, (max-width: 1000px) 100vw, 1000px\" \/><\/figure><\/li><\/ul><\/figure>\n\n\n\n<div style=\"height:81px\" aria-hidden=\"true\" class=\"wp-block-spacer\"><\/div>\n\n\n\n<h2 class=\"wp-block-heading\">Proyecto\neducativo cercano y familiar<em><\/em><\/h2>\n\n\n\n<p>El proyecto educativo de Nevers Ikastetxea, y del servicio de guarder\u00eda, cuenta con &nbsp;<strong>personal cualificado<\/strong> para ello que a\u00fana sensibilidad, cercan\u00eda y conocimiento. La <strong>atenci\u00f3n totalmente personalizada<\/strong> permite a cada ni\u00f1o y ni\u00f1a desarrollar sus propias capacidades y habilidades en un entorno de calidez y diversi\u00f3n. <\/p>\n\n\n\n<figure class=\"wp-block-gallery columns-3 is-cropped wp-block-gallery-2 is-layout-flex wp-block-gallery-is-layout-flex\"><ul class=\"blocks-gallery-grid\"><li class=\"blocks-gallery-item\"><figure><img loading=\"lazy\" decoding=\"async\" width=\"1000\" height=\"667\" src=\"https:\/\/neversikastetxea.com\/wp-content\/uploads\/2020\/11\/nevers-ikastetxea-haurtzaindegia-durango14.jpg\" alt=\"Nevers Ikastetxeko haurtzaindegia\" data-id=\"4259\" data-full-url=\"https:\/\/neversikastetxea.com\/wp-content\/uploads\/2020\/11\/nevers-ikastetxea-haurtzaindegia-durango14.jpg\" data-link=\"https:\/\/neversikastetxea.com\/es\/guarderia\/nevers-ikastetxea-haurtzaindegia-durango14\/\" class=\"wp-image-4259\" srcset=\"https:\/\/neversikastetxea.com\/wp-content\/uploads\/2020\/11\/nevers-ikastetxea-haurtzaindegia-durango14.jpg 1000w, https:\/\/neversikastetxea.com\/wp-content\/uploads\/2020\/11\/nevers-ikastetxea-haurtzaindegia-durango14-300x200.jpg 300w, https:\/\/neversikastetxea.com\/wp-content\/uploads\/2020\/11\/nevers-ikastetxea-haurtzaindegia-durango14-768x512.jpg 768w, https:\/\/neversikastetxea.com\/wp-content\/uploads\/2020\/11\/nevers-ikastetxea-haurtzaindegia-durango14-391x260.jpg 391w\" sizes=\"auto, (max-width: 1000px) 100vw, 1000px\" \/><\/figure><\/li><li class=\"blocks-gallery-item\"><figure><img loading=\"lazy\" decoding=\"async\" width=\"1000\" height=\"667\" src=\"https:\/\/neversikastetxea.com\/wp-content\/uploads\/2020\/11\/nevers-ikastetxea-haurtzaindegia-durango13.jpg\" alt=\"Nevers Ikastetxeko haurtzaindegia\" data-id=\"4257\" data-full-url=\"https:\/\/neversikastetxea.com\/wp-content\/uploads\/2020\/11\/nevers-ikastetxea-haurtzaindegia-durango13.jpg\" data-link=\"https:\/\/neversikastetxea.com\/es\/guarderia\/nevers-ikastetxea-haurtzaindegia-durango13\/\" class=\"wp-image-4257\" srcset=\"https:\/\/neversikastetxea.com\/wp-content\/uploads\/2020\/11\/nevers-ikastetxea-haurtzaindegia-durango13.jpg 1000w, https:\/\/neversikastetxea.com\/wp-content\/uploads\/2020\/11\/nevers-ikastetxea-haurtzaindegia-durango13-300x200.jpg 300w, https:\/\/neversikastetxea.com\/wp-content\/uploads\/2020\/11\/nevers-ikastetxea-haurtzaindegia-durango13-768x512.jpg 768w, https:\/\/neversikastetxea.com\/wp-content\/uploads\/2020\/11\/nevers-ikastetxea-haurtzaindegia-durango13-391x260.jpg 391w\" sizes=\"auto, (max-width: 1000px) 100vw, 1000px\" \/><\/figure><\/li><li class=\"blocks-gallery-item\"><figure><img loading=\"lazy\" decoding=\"async\" width=\"1000\" height=\"667\" src=\"https:\/\/neversikastetxea.com\/wp-content\/uploads\/2020\/11\/nevers-ikastetxea-haurtzaindegia-durango12.jpg\" alt=\"Nevers Ikastetxeko haurtzaindegia\" data-id=\"4255\" data-full-url=\"https:\/\/neversikastetxea.com\/wp-content\/uploads\/2020\/11\/nevers-ikastetxea-haurtzaindegia-durango12.jpg\" data-link=\"https:\/\/neversikastetxea.com\/es\/guarderia\/nevers-ikastetxea-haurtzaindegia-durango12\/\" class=\"wp-image-4255\" srcset=\"https:\/\/neversikastetxea.com\/wp-content\/uploads\/2020\/11\/nevers-ikastetxea-haurtzaindegia-durango12.jpg 1000w, https:\/\/neversikastetxea.com\/wp-content\/uploads\/2020\/11\/nevers-ikastetxea-haurtzaindegia-durango12-300x200.jpg 300w, https:\/\/neversikastetxea.com\/wp-content\/uploads\/2020\/11\/nevers-ikastetxea-haurtzaindegia-durango12-768x512.jpg 768w, https:\/\/neversikastetxea.com\/wp-content\/uploads\/2020\/11\/nevers-ikastetxea-haurtzaindegia-durango12-391x260.jpg 391w\" sizes=\"auto, (max-width: 1000px) 100vw, 1000px\" \/><\/figure><\/li><li class=\"blocks-gallery-item\"><figure><img loading=\"lazy\" decoding=\"async\" width=\"1000\" height=\"667\" src=\"https:\/\/neversikastetxea.com\/wp-content\/uploads\/2020\/11\/nevers-ikastetxea-haurtzaindegia-durango11.jpg\" alt=\"Nevers Ikastetxeko haurtzaindegia\" data-id=\"4253\" data-full-url=\"https:\/\/neversikastetxea.com\/wp-content\/uploads\/2020\/11\/nevers-ikastetxea-haurtzaindegia-durango11.jpg\" data-link=\"https:\/\/neversikastetxea.com\/es\/guarderia\/nevers-ikastetxea-haurtzaindegia-durango11\/\" class=\"wp-image-4253\" srcset=\"https:\/\/neversikastetxea.com\/wp-content\/uploads\/2020\/11\/nevers-ikastetxea-haurtzaindegia-durango11.jpg 1000w, https:\/\/neversikastetxea.com\/wp-content\/uploads\/2020\/11\/nevers-ikastetxea-haurtzaindegia-durango11-300x200.jpg 300w, https:\/\/neversikastetxea.com\/wp-content\/uploads\/2020\/11\/nevers-ikastetxea-haurtzaindegia-durango11-768x512.jpg 768w, https:\/\/neversikastetxea.com\/wp-content\/uploads\/2020\/11\/nevers-ikastetxea-haurtzaindegia-durango11-391x260.jpg 391w\" sizes=\"auto, (max-width: 1000px) 100vw, 1000px\" \/><\/figure><\/li><li class=\"blocks-gallery-item\"><figure><img loading=\"lazy\" decoding=\"async\" width=\"1000\" height=\"667\" src=\"https:\/\/neversikastetxea.com\/wp-content\/uploads\/2020\/11\/nevers-ikastetxea-haurtzaindegia-durango10.jpg\" alt=\"Nevers Ikastetxeko haurtzaindegia\" data-id=\"4251\" data-full-url=\"https:\/\/neversikastetxea.com\/wp-content\/uploads\/2020\/11\/nevers-ikastetxea-haurtzaindegia-durango10.jpg\" data-link=\"https:\/\/neversikastetxea.com\/es\/guarderia\/nevers-ikastetxea-haurtzaindegia-durango10\/\" class=\"wp-image-4251\" srcset=\"https:\/\/neversikastetxea.com\/wp-content\/uploads\/2020\/11\/nevers-ikastetxea-haurtzaindegia-durango10.jpg 1000w, https:\/\/neversikastetxea.com\/wp-content\/uploads\/2020\/11\/nevers-ikastetxea-haurtzaindegia-durango10-300x200.jpg 300w, https:\/\/neversikastetxea.com\/wp-content\/uploads\/2020\/11\/nevers-ikastetxea-haurtzaindegia-durango10-768x512.jpg 768w, https:\/\/neversikastetxea.com\/wp-content\/uploads\/2020\/11\/nevers-ikastetxea-haurtzaindegia-durango10-391x260.jpg 391w\" sizes=\"auto, (max-width: 1000px) 100vw, 1000px\" \/><\/figure><\/li><li class=\"blocks-gallery-item\"><figure><img loading=\"lazy\" decoding=\"async\" width=\"1000\" height=\"667\" src=\"https:\/\/neversikastetxea.com\/wp-content\/uploads\/2020\/11\/nevers-ikastetxea-haurtzaindegia-durango8-1.jpg\" alt=\"Nevers Ikastetxeko haurtzaindegia\" data-id=\"4247\" data-full-url=\"https:\/\/neversikastetxea.com\/wp-content\/uploads\/2020\/11\/nevers-ikastetxea-haurtzaindegia-durango8-1.jpg\" data-link=\"https:\/\/neversikastetxea.com\/es\/guarderia\/nevers-ikastetxea-haurtzaindegia-durango8-2\/\" class=\"wp-image-4247\" srcset=\"https:\/\/neversikastetxea.com\/wp-content\/uploads\/2020\/11\/nevers-ikastetxea-haurtzaindegia-durango8-1.jpg 1000w, https:\/\/neversikastetxea.com\/wp-content\/uploads\/2020\/11\/nevers-ikastetxea-haurtzaindegia-durango8-1-300x200.jpg 300w, https:\/\/neversikastetxea.com\/wp-content\/uploads\/2020\/11\/nevers-ikastetxea-haurtzaindegia-durango8-1-768x512.jpg 768w, https:\/\/neversikastetxea.com\/wp-content\/uploads\/2020\/11\/nevers-ikastetxea-haurtzaindegia-durango8-1-391x260.jpg 391w\" sizes=\"auto, (max-width: 1000px) 100vw, 1000px\" \/><\/figure><\/li><li class=\"blocks-gallery-item\"><figure><img loading=\"lazy\" decoding=\"async\" width=\"1000\" height=\"667\" src=\"https:\/\/neversikastetxea.com\/wp-content\/uploads\/2020\/11\/nevers-ikastetxea-haurtzaindegia-durango5-1.jpg\" alt=\"Nevers Ikastetxeko haurtzaindegia\" data-id=\"4241\" data-full-url=\"https:\/\/neversikastetxea.com\/wp-content\/uploads\/2020\/11\/nevers-ikastetxea-haurtzaindegia-durango5-1.jpg\" data-link=\"https:\/\/neversikastetxea.com\/es\/guarderia\/nevers-ikastetxea-haurtzaindegia-durango5-2\/\" class=\"wp-image-4241\" srcset=\"https:\/\/neversikastetxea.com\/wp-content\/uploads\/2020\/11\/nevers-ikastetxea-haurtzaindegia-durango5-1.jpg 1000w, https:\/\/neversikastetxea.com\/wp-content\/uploads\/2020\/11\/nevers-ikastetxea-haurtzaindegia-durango5-1-300x200.jpg 300w, https:\/\/neversikastetxea.com\/wp-content\/uploads\/2020\/11\/nevers-ikastetxea-haurtzaindegia-durango5-1-768x512.jpg 768w, https:\/\/neversikastetxea.com\/wp-content\/uploads\/2020\/11\/nevers-ikastetxea-haurtzaindegia-durango5-1-391x260.jpg 391w\" sizes=\"auto, (max-width: 1000px) 100vw, 1000px\" \/><\/figure><\/li><li class=\"blocks-gallery-item\"><figure><img loading=\"lazy\" decoding=\"async\" width=\"1000\" height=\"667\" src=\"https:\/\/neversikastetxea.com\/wp-content\/uploads\/2020\/11\/nevers-ikastetxea-haurtzaindegia-durango3-1.jpg\" alt=\"Nevers Ikastetxeko haurtzaindegia\" data-id=\"4237\" data-full-url=\"https:\/\/neversikastetxea.com\/wp-content\/uploads\/2020\/11\/nevers-ikastetxea-haurtzaindegia-durango3-1.jpg\" data-link=\"https:\/\/neversikastetxea.com\/es\/guarderia\/nevers-ikastetxea-haurtzaindegia-durango3-2\/\" class=\"wp-image-4237\" srcset=\"https:\/\/neversikastetxea.com\/wp-content\/uploads\/2020\/11\/nevers-ikastetxea-haurtzaindegia-durango3-1.jpg 1000w, https:\/\/neversikastetxea.com\/wp-content\/uploads\/2020\/11\/nevers-ikastetxea-haurtzaindegia-durango3-1-300x200.jpg 300w, https:\/\/neversikastetxea.com\/wp-content\/uploads\/2020\/11\/nevers-ikastetxea-haurtzaindegia-durango3-1-768x512.jpg 768w, https:\/\/neversikastetxea.com\/wp-content\/uploads\/2020\/11\/nevers-ikastetxea-haurtzaindegia-durango3-1-391x260.jpg 391w\" sizes=\"auto, (max-width: 1000px) 100vw, 1000px\" \/><\/figure><\/li><\/ul><\/figure>\n\n\n\n<div style=\"height:81px\" aria-hidden=\"true\" class=\"wp-block-spacer\"><\/div>\n\n\n\n<h2 class=\"wp-block-heading\">Comida casera cocinada en el centro<\/h2>\n\n\n\n<p>El <a href=\"https:\/\/neversikastetxea.com\/es\/comedor\/\" target=\"_blank\" rel=\"noreferrer noopener\" aria-label=\"servicio de comedor (opens in a new tab)\">servicio de comedor<\/a> para todo el alumnado de Nevers Ikastetxea se basa en los principios b\u00e1sicos de la <strong>comida nutricional equilibrada y de producci\u00f3n local<\/strong>. Diariamente en nuestras cocinas se cocina <strong>un rico men\u00fa casero,<\/strong> cumpliendo sin excepci\u00f3n las medidas higi\u00e9nicas y sanitarias. <\/p>\n\n\n\n<figure class=\"wp-block-gallery columns-3 is-cropped wp-block-gallery-3 is-layout-flex wp-block-gallery-is-layout-flex\"><ul class=\"blocks-gallery-grid\"><li class=\"blocks-gallery-item\"><figure><img decoding=\"async\" src=\"https:\/\/neversikastetxea.com\/wp-content\/uploads\/2020\/11\/nevers-ikastetxea-haurtzaindegia-durango9.jpg\" alt=\"\" data-id=\"4221\" data-full-url=\"https:\/\/neversikastetxea.com\/wp-content\/uploads\/2020\/11\/nevers-ikastetxea-haurtzaindegia-durango9.jpg\" data-link=\"https:\/\/neversikastetxea.com\/es\/?attachment_id=4221\" class=\"wp-image-4221\"\/><\/figure><\/li><li class=\"blocks-gallery-item\"><figure><img decoding=\"async\" src=\"https:\/\/neversikastetxea.com\/wp-content\/uploads\/2020\/11\/nevers-ikastetxea-haurtzaindegia-durango8.jpg\" alt=\"\" data-id=\"4219\" data-full-url=\"https:\/\/neversikastetxea.com\/wp-content\/uploads\/2020\/11\/nevers-ikastetxea-haurtzaindegia-durango8.jpg\" data-link=\"https:\/\/neversikastetxea.com\/es\/?attachment_id=4219\" class=\"wp-image-4219\"\/><\/figure><\/li><li class=\"blocks-gallery-item\"><figure><img decoding=\"async\" src=\"https:\/\/neversikastetxea.com\/wp-content\/uploads\/2020\/11\/nevers-ikastetxea-haurtzaindegia-durango7.jpg\" alt=\"\" data-id=\"4217\" data-full-url=\"https:\/\/neversikastetxea.com\/wp-content\/uploads\/2020\/11\/nevers-ikastetxea-haurtzaindegia-durango7.jpg\" data-link=\"https:\/\/neversikastetxea.com\/es\/?attachment_id=4217\" class=\"wp-image-4217\"\/><\/figure><\/li><\/ul><\/figure>\n\n\n\n<div style=\"height:81px\" aria-hidden=\"true\" class=\"wp-block-spacer\"><\/div>\n\n\n\n<h2 class=\"wp-block-heading\">Calendario escolar de la guarder\u00eda<\/h2>\n\n\n\n<p>El calendario de la guarder\u00eda es diferente al calendario escolar del resto de cursos, siendo mucho m\u00e1s amplio y pensado en la comodidad de las familias. Este a\u00f1o, abarca <strong>desde el d\u00eda 1 de septiembre 2020 hasta el 23 de julio 2021, abierto incluso durante las vacaciones de Navidad y Semana Santa. <\/strong><\/p>\n\n\n\n<div class=\"wp-block-group\"><div class=\"wp-block-group__inner-container is-layout-flow wp-block-group-is-layout-flow\">\n<div style=\"height:20px\" aria-hidden=\"true\" class=\"wp-block-spacer\"><\/div>\n\n\n\n<div class=\"wp-block-button aligncenter\"><a class=\"wp-block-button__link has-background\" href=\"https:\/\/neversikastetxea.com\/wp-content\/uploads\/2020\/07\/CALENDARIOS-NEVERS_Trazado_HH1_13_07.pdf\" style=\"background-color:#119691;border-radius:8px\" target=\"_blank\" rel=\"noreferrer noopener\">Ver calendario de guarder\u00eda<\/a><\/div>\n\n\n\n<div style=\"height:81px\" aria-hidden=\"true\" class=\"wp-block-spacer\"><\/div>\n<\/div><\/div>\n\n\n\n<h2 class=\"wp-block-heading\">Horario amplio y flexible<\/h2>\n\n\n\n<p>Al igual que el calendario, el horario de nuestra guarder\u00eda tambi\u00e9n es muy amplio y flexible en cuanto a la entrada y salida. Con el objetivo de favorecer y ayudar en la <strong>conciliaci\u00f3n familiar<\/strong>, abrimos de <strong>07.30h a 18.30h<\/strong>. <\/p>\n\n\n\n<div style=\"height:81px\" aria-hidden=\"true\" class=\"wp-block-spacer\"><\/div>\n\n\n\n<div class=\"wp-block-columns is-layout-flex wp-container-core-columns-is-layout-9d6595d7 wp-block-columns-is-layout-flex\">\n<div class=\"wp-block-column is-layout-flow wp-block-column-is-layout-flow\">\n<h2 class=\"wp-block-heading\">Ven a visitarnos<\/h2>\n\n\n\n<p>\u00bfQuieres conocer m\u00e1s acerca de la guarder\u00eda de Nevers Ikastetxea? No lo dudes y ven a visitarnos. Estamos organizando visitas personalizadas. Para ello solo tienes que <strong>rellenar el formulario<\/strong>, o llamarnos al n\u00famero&nbsp; <strong>946 81 09 46<\/strong>.<\/p>\n\n\n\n<div style=\"height:100px\" aria-hidden=\"true\" class=\"wp-block-spacer\"><\/div>\n\n\n\n<h3 class=\"wp-block-heading\">\u00a1Te esperamos!<\/h3>\n<\/div>\n\n\n\n<div class=\"wp-block-column is-layout-flow wp-block-column-is-layout-flow\">\n\n<div class=\"wpcf7 no-js\" id=\"wpcf7-f4171-o1\" lang=\"es-ES\" dir=\"ltr\" data-wpcf7-id=\"4171\">\n<div class=\"screen-reader-response\"><p role=\"status\" aria-live=\"polite\" aria-atomic=\"true\"><\/p> <ul><\/ul><\/div>\n<form action=\"\/es\/wp-json\/wp\/v2\/posts\/4153#wpcf7-f4171-o1\" method=\"post\" class=\"wpcf7-form init\" aria-label=\"Formulario de contacto\" novalidate=\"novalidate\" data-status=\"init\">\n<fieldset class=\"hidden-fields-container\"><input type=\"hidden\" name=\"_wpcf7\" value=\"4171\" \/><input type=\"hidden\" name=\"_wpcf7_version\" value=\"6.1.5\" \/><input type=\"hidden\" name=\"_wpcf7_locale\" value=\"es_ES\" \/><input type=\"hidden\" name=\"_wpcf7_unit_tag\" value=\"wpcf7-f4171-o1\" \/><input type=\"hidden\" name=\"_wpcf7_container_post\" value=\"0\" \/><input type=\"hidden\" name=\"_wpcf7_posted_data_hash\" value=\"\" \/>\n<\/fieldset>\n<p><span id=\"wpcf7-69f3aaa2628c1-wrapper\" class=\"wpcf7-form-control-wrap potipoti-554-wrap\" style=\"display:none !important; visibility:hidden !important;\"><label for=\"wpcf7-69f3aaa2628c1-field\" class=\"hp-message\">Por favor, deja este campo vac\u00edo.<\/label><input id=\"wpcf7-69f3aaa2628c1-field\"  class=\"wpcf7-form-control wpcf7-text\" type=\"text\" name=\"potipoti-554\" value=\"\" size=\"40\" tabindex=\"-1\" autocomplete=\"new-password\" \/><\/span>\n<\/p>\n<p><span style=\"color: #ffffff;\">Nombre (obligatorio)<\/span><\n<\/p>\n<p><span class=\"wpcf7-form-control-wrap\" data-name=\"nombre\"><input size=\"40\" maxlength=\"400\" class=\"wpcf7-form-control wpcf7-text wpcf7-validates-as-required\" aria-required=\"true\" aria-invalid=\"false\" value=\"\" type=\"text\" name=\"nombre\" \/><\/span>\n<\/p>\n<p><span style=\"color: #ffffff;\">Apellidos (obligatorio)<\/span><\n<\/p>\n<p><span class=\"wpcf7-form-control-wrap\" data-name=\"apellidos\"><input size=\"40\" maxlength=\"400\" class=\"wpcf7-form-control wpcf7-text wpcf7-validates-as-required\" aria-required=\"true\" aria-invalid=\"false\" value=\"\" type=\"text\" name=\"apellidos\" \/><\/span>\n<\/p>\n<p><span style=\"color: #ffffff;\">Tel\u00e9fono (obligatorio)<\/span><\n<\/p>\n<p><span class=\"wpcf7-form-control-wrap\" data-name=\"Telfono\"><input size=\"40\" maxlength=\"400\" class=\"wpcf7-form-control wpcf7-tel wpcf7-validates-as-required wpcf7-text wpcf7-validates-as-tel\" aria-required=\"true\" aria-invalid=\"false\" value=\"\" type=\"tel\" name=\"Telfono\" \/><\/span>\n<\/p>\n<p><span style=\"color: #ffffff;\">E-mail (requerido)<\/span><\n<\/p>\n<p><span class=\"wpcf7-form-control-wrap\" data-name=\"email\"><input size=\"40\" maxlength=\"400\" class=\"wpcf7-form-control wpcf7-email wpcf7-validates-as-required wpcf7-text wpcf7-validates-as-email\" aria-required=\"true\" aria-invalid=\"false\" value=\"\" type=\"email\" name=\"email\" \/><\/span>\n<\/p>\n<p><span style=\"color: #ffffff;\">Cu\u00e9ntanos qu\u00e9 d\u00edas te vienen bien y nos pondremos en contacto contigo.<\/span><\n<\/p>\n<p><span class=\"wpcf7-form-control-wrap\" data-name=\"textarea\"><textarea cols=\"40\" rows=\"10\" maxlength=\"2000\" class=\"wpcf7-form-control wpcf7-textarea\" aria-invalid=\"false\" name=\"textarea\"><\/textarea><\/span>\n<\/p>\n<p><span style=\"color: #ffffff;\"><span class=\"wpcf7-form-control-wrap\" data-name=\"Legal\"><span class=\"wpcf7-form-control wpcf7-checkbox wpcf7-validates-as-required\" id=\"condicionesContactForm\"><span class=\"wpcf7-list-item first last\"><input type=\"checkbox\" name=\"Legal[]\" value=\"He le\u00eddo y acepto las condiciones.\" \/><span class=\"wpcf7-list-item-label\">He le\u00eddo y acepto las condiciones.<\/span><\/span><\/span><\/span><\/span><br \/>\n<span style=\"color: #ffffff;\"><!-- Mailchimp for WordPress v4.12.2 - https:\/\/www.mc4wp.com\/ --><input type=\"hidden\" name=\"_mc4wp_subscribe_contact-form-7\" value=\"0\" \/><span class=\"mc4wp-checkbox mc4wp-checkbox-contact-form-7 \"><label><input type=\"checkbox\" name=\"_mc4wp_subscribe_contact-form-7\" value=\"1\" checked=\"checked\"><span>Quiero suscribirme a la lista de correo<\/span><\/label><\/span><!-- \/ Mailchimp for WordPress --><\/span>\n<\/p>\n<p><input class=\"wpcf7-form-control wpcf7-submit has-spinner\" type=\"submit\" value=\"Quiero conocer Nevers Ikastetxea\" \/>\n<\/p><div class=\"wpcf7-response-output\" aria-hidden=\"true\"><\/div>\n<\/form>\n<\/div>\n\n<\/div>\n<\/div>\n","protected":false},"excerpt":{"rendered":"<p>El servicio de guarder\u00eda de Nevers Ikastetxea cuenta con un horario amplio y flexible, unas instalaciones nuevas y un proyecto educativo cercano y familiar. Sigue leyendo para conocer todos nuestros servicios. Instalaciones nuevas y adaptadas al desarrollo natural de los ni\u00f1os y ni\u00f1as En Nevers Ikastetxea acabamos de inaugurar un nuevo edificio para guarder\u00eda y &hellip; <\/p>\n<p class=\"link-more\"><a href=\"https:\/\/neversikastetxea.com\/es\/guarderia-nevers-matriculacion-servicios-proyecto-educativo-calendario-horario\/\" class=\"more-link\">Seguir leyendo<span class=\"screen-reader-text\"> \u00abGuarder\u00eda Nevers Ikastetxea. Conoce la fecha de matriculaci\u00f3n, los servicios, el proyecto educativo, el calendario y el horario\u00bb<\/span><\/a><\/p>\n","protected":false},"author":1,"featured_media":4160,"comment_status":"open","ping_status":"closed","sticky":false,"template":"","format":"standard","meta":{"footnotes":""},"categories":[1992],"tags":[520],"class_list":["post-4153","post","type-post","status-publish","format-standard","has-post-thumbnail","hentry","category-blog-guarderia","tag-guarderia","entry"],"_links":{"self":[{"href":"https:\/\/neversikastetxea.com\/es\/wp-json\/wp\/v2\/posts\/4153","targetHints":{"allow":["GET"]}}],"collection":[{"href":"https:\/\/neversikastetxea.com\/es\/wp-json\/wp\/v2\/posts"}],"about":[{"href":"https:\/\/neversikastetxea.com\/es\/wp-json\/wp\/v2\/types\/post"}],"author":[{"embeddable":true,"href":"https:\/\/neversikastetxea.com\/es\/wp-json\/wp\/v2\/users\/1"}],"replies":[{"embeddable":true,"href":"https:\/\/neversikastetxea.com\/es\/wp-json\/wp\/v2\/comments?post=4153"}],"version-history":[{"count":0,"href":"https:\/\/neversikastetxea.com\/es\/wp-json\/wp\/v2\/posts\/4153\/revisions"}],"wp:featuredmedia":[{"embeddable":true,"href":"https:\/\/neversikastetxea.com\/es\/wp-json\/wp\/v2\/media\/4160"}],"wp:attachment":[{"href":"https:\/\/neversikastetxea.com\/es\/wp-json\/wp\/v2\/media?parent=4153"}],"wp:term":[{"taxonomy":"category","embeddable":true,"href":"https:\/\/neversikastetxea.com\/es\/wp-json\/wp\/v2\/categories?post=4153"},{"taxonomy":"post_tag","embeddable":true,"href":"https:\/\/neversikastetxea.com\/es\/wp-json\/wp\/v2\/tags?post=4153"}],"curies":[{"name":"wp","href":"https:\/\/api.w.org\/{rel}","templated":true}]}}