{"id":4342,"date":"2021-04-09T10:52:43","date_gmt":"2021-04-09T08:52:43","guid":{"rendered":"https:\/\/neversikastetxea.com\/?p=4342"},"modified":"2023-03-29T09:36:44","modified_gmt":"2023-03-29T07:36:44","slug":"una-pedagogia-basada-en-la-confianza","status":"publish","type":"post","link":"https:\/\/neversikastetxea.com\/es\/una-pedagogia-basada-en-la-confianza\/","title":{"rendered":"Una pedagog\u00eda basada en la confianza"},"content":{"rendered":"\n<p>Cuando el curso pasado apostamos por <a href=\"https:\/\/neversikastetxea.com\/es\/descubre-nueva-guarderia-nevers-ikastetxea\/\" target=\"_blank\" rel=\"noreferrer noopener\">rehacer la guarder\u00eda de nuestro centro<\/a>, nos surgi\u00f3 la gran oportunidad de reescribir un nuevo espacio. Ten\u00edamos claro que ese lienzo en blanco hab\u00eda que dotarlo de cari\u00f1o, de calidez, de luz y de material natural respetuoso con el medio ambiente que otorgase a sus habitantes el confort y bienestar que un nuevo hogar ha de proporcionar.<\/p>\n\n\n\n<p>No fue tarea f\u00e1cil. La apuesta era grande, pero gracias a la ayuda de expertos en el \u00e1mbito de la edificaci\u00f3n, logramos construir el espacio que nuestro imaginario deseaba. Un lugar m\u00e1gico donde los ni\u00f1os y las ni\u00f1as pueden <strong>sentirse libres en la exploraci\u00f3n<\/strong>, motivados para el <strong>desarrollo natural de sus capacidades biol\u00f3gicas<\/strong> y acompa\u00f1ados por nuevas estructuras y elementos motivadores para un <strong>desarrollo positivo<\/strong>.<\/p>\n\n\n\n<p>Pero un espacio pensado para educar y crecer, por muy bonito, c\u00e1lido y acogedor que sea, no es nada sin una buena filosof\u00eda de trabajo que lo acompa\u00f1e y dote de alma. As\u00ed pues, nuestra segunda tarea fue buscar una metodolog\u00eda educativa acorde al nuevo espacio que, adem\u00e1s, aglutinase los requisitos fundamentales de una <strong>visi\u00f3n educativa basada en el respeto  y la empat\u00eda<\/strong>. Y esta no es otra que la Pedagog\u00eda de la Confianza.<\/p>\n\n\n<div class=\"wp-block-image\">\n<figure class=\"aligncenter size-large is-resized\"><img loading=\"lazy\" decoding=\"async\" src=\"https:\/\/neversikastetxea.com\/wp-content\/uploads\/2020\/11\/nevers-ikastetxea-haurtzaindegia-durango6-1.jpg\" alt=\"Nevers Ikastetxeko haurtzaindegia\" class=\"wp-image-4243\" width=\"500\" height=\"750\" srcset=\"https:\/\/neversikastetxea.com\/wp-content\/uploads\/2020\/11\/nevers-ikastetxea-haurtzaindegia-durango6-1.jpg 667w, https:\/\/neversikastetxea.com\/wp-content\/uploads\/2020\/11\/nevers-ikastetxea-haurtzaindegia-durango6-1-200x300.jpg 200w\" sizes=\"auto, (max-width: 500px) 100vw, 500px\" \/><\/figure><\/div>\n\n\n<div style=\"height:100px\" aria-hidden=\"true\" class=\"wp-block-spacer\"><\/div>\n\n\n\n<h2 class=\"wp-block-heading\" id=\"h-pedagogia-de-la-confianza\">Pedagog\u00eda de la Confianza<\/h2>\n\n\n\n<p>Cuando conocimos la Pedagog\u00eda de la Confianza de mano de su fundador, el<strong> psiquiatra, pedagogo e investigador incansable Rafael Cristobal<\/strong>, lo tuvimos claro. Experiencias educativas previas basadas en esta pedagog\u00eda avalaban su eficacia y reafirmaron nuestra apuesta por este modelo educativo cuyo fundamento es la Confianza; <strong>la confianza en el ni\u00f1o y la ni\u00f1a, en sus capacidades y en sus posibilidades<\/strong>.<br>A d\u00eda de hoy, inmersos en la formaci\u00f3n de esta pedagog\u00eda, entendemos que los m\u00e1s peque\u00f1os precisan de unos cuidados muy espec\u00edficos que, adem\u00e1s, han de estar englobados en un entorno de cari\u00f1o que s\u00f3lo sus padres son capaces de satisfacer plenamente. <\/p>\n\n\n\n<div style=\"height:20px\" aria-hidden=\"true\" class=\"wp-block-spacer\"><\/div>\n\n\n\n<blockquote class=\"wp-block-quote is-layout-flow wp-block-quote-is-layout-flow\">\n<p><strong>\u2018La escuela ha de ser una extensi\u00f3n del hogar\u2019<\/strong> que satisfaga no s\u00f3lo las necesidades biol\u00f3gicas del ni\u00f1o sino que, adem\u00e1s, le proporcione la seguridad y confianza que \u00e9ste precisa para que su desarrollo sea pleno.<\/p>\n<cite>Rafael Cristobal, fundador de la Pedagog\u00eda de la Confianza<\/cite><\/blockquote>\n\n\n\n<div style=\"height:20px\" aria-hidden=\"true\" class=\"wp-block-spacer\"><\/div>\n\n\n\n<p>Para que esto sea as\u00ed, el profesorado conocedor de los estadios evolutivos y de las necesidades que precisan en cada etapa de la vida de nuestro alumnado, trabajamos d\u00eda a d\u00eda para <strong>acompa\u00f1ar y educar en un ambiente de afectividad, confianza, respeto y cari\u00f1o<\/strong> que motive un sentimiento de bienestar y les ayude a desarrollar nuevas y valiosas herramientas personales.<\/p>\n\n\n\n<figure class=\"wp-block-embed is-type-video is-provider-youtube wp-block-embed-youtube wp-embed-aspect-16-9 wp-has-aspect-ratio\"><div class=\"wp-block-embed__wrapper\">\n<iframe loading=\"lazy\" title=\"Konfiantzaren Pedagogian murgiltzen | Nevers Ikastetxea\" width=\"640\" height=\"360\" src=\"https:\/\/www.youtube.com\/embed\/8PmlaqKLhFQ?start=2&#038;feature=oembed\" frameborder=\"0\" allow=\"accelerometer; autoplay; clipboard-write; encrypted-media; gyroscope; picture-in-picture; web-share\" referrerpolicy=\"strict-origin-when-cross-origin\" allowfullscreen><\/iframe>\n<\/div><\/figure>\n\n\n\n<div style=\"height:100px\" aria-hidden=\"true\" class=\"wp-block-spacer\"><\/div>\n\n\n\n<h2 class=\"wp-block-heading\" id=\"h-el-objetivo-la-felicidad\">El objetivo: la felicidad<\/h2>\n\n\n\n<p>Al igual que un \u00e1rbol con una ra\u00edz s\u00f3lida y bien asentada en la tierra crecer\u00e1 recto y en\u00e9rgico para dar buenos frutos, un <strong>ni\u00f1o o una ni\u00f1a atendido seg\u00fan sus necesidades espec\u00edficas<\/strong>, acompa\u00f1ado por el cari\u00f1o y buen hacer del adulto, escuchado, respetado y considerado como persona capaz, llegar\u00e1 a desarrollar sus potencialidades y lograr\u00e1 desenvolverse en el mundo con herramientas poderosas que le ayudar\u00e1n a alcanzar sus objetivos y, con ellos, la felicidad.<\/p>\n\n\n\n<p>Este es el objetivo primero y final; la b\u00fasqueda y adquisici\u00f3n de la felicidad. El camino que en <a rel=\"noreferrer noopener\" href=\"https:\/\/neversikastetxea.com\/es\/\" target=\"_blank\">Nevers Ikastetxea<\/a> deseamos tomar, acompa\u00f1ando a nuestros alumnos de cara al logro de sus sue\u00f1os y objetivos en la vida.<\/p>\n\n\n<div class=\"wp-block-image\">\n<figure class=\"aligncenter size-large is-resized\"><img loading=\"lazy\" decoding=\"async\" src=\"https:\/\/neversikastetxea.com\/wp-content\/uploads\/2023\/03\/WhatsApp-Image-2023-03-10-at-11.47.58-768x1024.jpg\" alt=\"\" class=\"wp-image-6283\" width=\"576\" height=\"768\" srcset=\"https:\/\/neversikastetxea.com\/wp-content\/uploads\/2023\/03\/WhatsApp-Image-2023-03-10-at-11.47.58-768x1024.jpg 768w, https:\/\/neversikastetxea.com\/wp-content\/uploads\/2023\/03\/WhatsApp-Image-2023-03-10-at-11.47.58-225x300.jpg 225w, https:\/\/neversikastetxea.com\/wp-content\/uploads\/2023\/03\/WhatsApp-Image-2023-03-10-at-11.47.58-1152x1536.jpg 1152w, https:\/\/neversikastetxea.com\/wp-content\/uploads\/2023\/03\/WhatsApp-Image-2023-03-10-at-11.47.58.jpg 1500w\" sizes=\"auto, (max-width: 576px) 100vw, 576px\" \/><\/figure><\/div>","protected":false},"excerpt":{"rendered":"<p>Cuando el curso pasado apostamos por rehacer la guarder\u00eda de nuestro centro, nos surgi\u00f3 la gran oportunidad de reescribir un nuevo espacio. Ten\u00edamos claro que ese lienzo en blanco hab\u00eda que dotarlo de cari\u00f1o, de calidez, de luz y de material natural respetuoso con el medio ambiente que otorgase a sus habitantes el confort y &hellip; <\/p>\n<p class=\"link-more\"><a href=\"https:\/\/neversikastetxea.com\/es\/una-pedagogia-basada-en-la-confianza\/\" class=\"more-link\">Seguir leyendo<span class=\"screen-reader-text\"> \u00abUna pedagog\u00eda basada en la confianza\u00bb<\/span><\/a><\/p>\n","protected":false},"author":1,"featured_media":6283,"comment_status":"closed","ping_status":"closed","sticky":false,"template":"","format":"standard","meta":{"footnotes":""},"categories":[1887,95],"tags":[520,2703],"class_list":["post-4342","post","type-post","status-publish","format-standard","has-post-thumbnail","hentry","category-blog-haurtzandegia","category-hezkuntza-metodologia","tag-guarderia","tag-metodologia-de-la-confianza","entry"],"_links":{"self":[{"href":"https:\/\/neversikastetxea.com\/es\/wp-json\/wp\/v2\/posts\/4342","targetHints":{"allow":["GET"]}}],"collection":[{"href":"https:\/\/neversikastetxea.com\/es\/wp-json\/wp\/v2\/posts"}],"about":[{"href":"https:\/\/neversikastetxea.com\/es\/wp-json\/wp\/v2\/types\/post"}],"author":[{"embeddable":true,"href":"https:\/\/neversikastetxea.com\/es\/wp-json\/wp\/v2\/users\/1"}],"replies":[{"embeddable":true,"href":"https:\/\/neversikastetxea.com\/es\/wp-json\/wp\/v2\/comments?post=4342"}],"version-history":[{"count":0,"href":"https:\/\/neversikastetxea.com\/es\/wp-json\/wp\/v2\/posts\/4342\/revisions"}],"wp:featuredmedia":[{"embeddable":true,"href":"https:\/\/neversikastetxea.com\/es\/wp-json\/wp\/v2\/media\/6283"}],"wp:attachment":[{"href":"https:\/\/neversikastetxea.com\/es\/wp-json\/wp\/v2\/media?parent=4342"}],"wp:term":[{"taxonomy":"category","embeddable":true,"href":"https:\/\/neversikastetxea.com\/es\/wp-json\/wp\/v2\/categories?post=4342"},{"taxonomy":"post_tag","embeddable":true,"href":"https:\/\/neversikastetxea.com\/es\/wp-json\/wp\/v2\/tags?post=4342"}],"curies":[{"name":"wp","href":"https:\/\/api.w.org\/{rel}","templated":true}]}}