{"id":6589,"date":"2023-10-26T10:30:08","date_gmt":"2023-10-26T08:30:08","guid":{"rendered":"https:\/\/neversikastetxea.com\/?p=6589"},"modified":"2023-10-26T10:31:27","modified_gmt":"2023-10-26T08:31:27","slug":"nevers-ikastetxea-inaugura-el-curso-escolar-con-nuevas-instalaciones","status":"publish","type":"post","link":"https:\/\/neversikastetxea.com\/es\/nevers-ikastetxea-inaugura-el-curso-escolar-con-nuevas-instalaciones\/","title":{"rendered":"Nevers Ikastetxea inaugura el curso escolar con nuevas instalaciones."},"content":{"rendered":"\n<figure class=\"wp-block-image size-large\"><img loading=\"lazy\" decoding=\"async\" width=\"1024\" height=\"768\" src=\"https:\/\/neversikastetxea.com\/wp-content\/uploads\/2023\/10\/IMG_0598-1-1024x768.jpg\" alt=\"\" class=\"wp-image-6591\" srcset=\"https:\/\/neversikastetxea.com\/wp-content\/uploads\/2023\/10\/IMG_0598-1-1024x768.jpg 1024w, https:\/\/neversikastetxea.com\/wp-content\/uploads\/2023\/10\/IMG_0598-1-300x225.jpg 300w, https:\/\/neversikastetxea.com\/wp-content\/uploads\/2023\/10\/IMG_0598-1-768x576.jpg 768w, https:\/\/neversikastetxea.com\/wp-content\/uploads\/2023\/10\/IMG_0598-1-1536x1152.jpg 1536w, https:\/\/neversikastetxea.com\/wp-content\/uploads\/2023\/10\/IMG_0598-1-1568x1176.jpg 1568w, https:\/\/neversikastetxea.com\/wp-content\/uploads\/2023\/10\/IMG_0598-1.jpg 2048w\" sizes=\"auto, (max-width: 1024px) 100vw, 1024px\" \/><\/figure>\n\n\n\n<p>El centro educativo de Durango, que acoge a alumnado entre 0 y 16 a\u00f1os, apuesta por la formaci\u00f3n permanente de su profesorado y por metodolog\u00edas activas e innovadoras.<\/p>\n\n\n\n<p>Tras la reforma del edificio de la guarder\u00eda, en <strong>Nevers Ikastetxea<\/strong> siguen apostando por la mejora continua tanto de sus instalaciones como de la metodolog\u00eda educativa del centro. Este <strong>curso escolar 2023-2024<\/strong>, estrenan nuevos espacios en los niveles de 4 y 5 a\u00f1os, completando as\u00ed la transformaci\u00f3n en toda la etapa de Educaci\u00f3n Infantil (0-5 a\u00f1os).<\/p>\n\n\n\n<p>Al igual que el edificio de la guarder\u00eda, los nuevos espacios son m\u00e1s naturales, abiertos y luminosos. El objetivo, apunta David Quero, nuevo director del centro, <em>\u201ces que los ni\u00f1os sientan la comodidad que sienten en sus casas y que, adem\u00e1s de agradables, los espacios sean un elemento educativo m\u00e1s\u201d<\/em>.<\/p>\n\n\n\n<p>En su d\u00eda, las familias hablaron alto y claro y apostaron por renovar las instalaciones a la par que el profesorado incorporaba metodolog\u00edas m\u00e1s innovadoras. <em>\u201cTrabajar por proyectos precisa de espacios flexibles, aptos para experimentar, manipular y moverse con libertad\u201d<\/em>, explica el profesorado de Educaci\u00f3n Infantil. Por ello, los espacios cuentan, adem\u00e1s, con ingeniosas estructuras de psicomotricidad que permiten que las ni\u00f1as y ni\u00f1os desarrollen sus habilidades motrices a la par que avanzan en sus aprendizajes.<\/p>\n\n\n\n<p>Cada a\u00f1o el equipo docente del centro, respaldado por las familias, revisa sus posibilidades de mejora para dar un mejor servicio a su alumnado y familias. Este a\u00f1o, por ejemplo, se refuerza el <strong>servicio KiVa<\/strong> contra el acoso escolar, se asienta el <strong>proyecto STEAM<\/strong> iniciado el curso pasado y se involucra al profesorado en nuevas formaciones.<\/p>\n\n\n\n<p><em>\u201cEl objetivo no es otro que seguir evolucionando para ser mejores en lo que hacemos y ofrecer el mejor servicio a nuestra familias\u201d<\/em>, afirma David quien, adem\u00e1s, invita a las familias a acercarse al centro para informarse de los servicios que ofrecen y mostrar su forma de trabajar. Para ello, adem\u00e1s de la p\u00e1gina web (<a href=\"http:\/\/www.neversikastetxea.com\">www.neversikastetxea.com<\/a>), se pone a disposici\u00f3n de las familias el servicio de visita guiada durante todo el a\u00f1o a trav\u00e9s de la p\u00e1gina web o contactando directamente con el centro (946 81 09 46).<\/p>\n\n\n\n<h5 class=\"wp-block-heading\" id=\"h-nevers-ikastetxea-konfiantzan-hazi-eta-hezi\">Nevers Ikastetxea. Konfiantzan hazi eta hezi.<\/h5>\n","protected":false},"excerpt":{"rendered":"<p>El centro educativo de Durango, que acoge a alumnado entre 0 y 16 a\u00f1os, apuesta por la formaci\u00f3n permanente de su profesorado y por metodolog\u00edas activas e innovadoras.<\/p>\n","protected":false},"author":1,"featured_media":6591,"comment_status":"closed","ping_status":"closed","sticky":false,"template":"","format":"standard","meta":{"footnotes":""},"categories":[62,60,1070],"tags":[],"class_list":["post-6589","post","type-post","status-publish","format-standard","has-post-thumbnail","hentry","category-nevers","category-metodologia-educativa","category-proyectos-educativos","entry"],"_links":{"self":[{"href":"https:\/\/neversikastetxea.com\/es\/wp-json\/wp\/v2\/posts\/6589","targetHints":{"allow":["GET"]}}],"collection":[{"href":"https:\/\/neversikastetxea.com\/es\/wp-json\/wp\/v2\/posts"}],"about":[{"href":"https:\/\/neversikastetxea.com\/es\/wp-json\/wp\/v2\/types\/post"}],"author":[{"embeddable":true,"href":"https:\/\/neversikastetxea.com\/es\/wp-json\/wp\/v2\/users\/1"}],"replies":[{"embeddable":true,"href":"https:\/\/neversikastetxea.com\/es\/wp-json\/wp\/v2\/comments?post=6589"}],"version-history":[{"count":0,"href":"https:\/\/neversikastetxea.com\/es\/wp-json\/wp\/v2\/posts\/6589\/revisions"}],"wp:featuredmedia":[{"embeddable":true,"href":"https:\/\/neversikastetxea.com\/es\/wp-json\/wp\/v2\/media\/6591"}],"wp:attachment":[{"href":"https:\/\/neversikastetxea.com\/es\/wp-json\/wp\/v2\/media?parent=6589"}],"wp:term":[{"taxonomy":"category","embeddable":true,"href":"https:\/\/neversikastetxea.com\/es\/wp-json\/wp\/v2\/categories?post=6589"},{"taxonomy":"post_tag","embeddable":true,"href":"https:\/\/neversikastetxea.com\/es\/wp-json\/wp\/v2\/tags?post=6589"}],"curies":[{"name":"wp","href":"https:\/\/api.w.org\/{rel}","templated":true}]}}